{"id":2944,"date":"2022-08-30T18:41:08","date_gmt":"2022-08-30T16:41:08","guid":{"rendered":"https:\/\/chsspaca.fr\/?p=2944"},"modified":"2022-08-30T18:41:11","modified_gmt":"2022-08-30T16:41:11","slug":"auguste-escoffier-un-humaniste","status":"publish","type":"post","link":"https:\/\/chsspaca.fr\/index.php\/2022\/08\/30\/auguste-escoffier-un-humaniste\/","title":{"rendered":"Auguste Escoffier, un humaniste"},"content":{"rendered":"\n<p><strong>Nouvelle exposition temporaire du Mus\u00e9e Escoffier de l\u2019Art Culinaire\u00a0\u00abAuguste Escoffier, un humaniste\u00bb<br>du 11 sept. 2021 au 31 oct. 2022<\/strong><\/p>\n\n\n\n<p>Organis\u00e9 dans le cadre du 175\u00e8me anniversaire de la naissance d\u2019Auguste Escoffier (qui aura lieu\u00a0le 28 octobre 2021), le Mus\u00e9e a d\u00e9cid\u00e9 de consacrer sa nouvelle exposition temporaire \u00e0 l\u2019engagement social et humaniste du Chef Auguste Escoffier.<\/p>\n\n\n\n<p>Auguste Escoffier a acquis une notori\u00e9t\u00e9 mondiale pour avoir codifi\u00e9 et modernis\u00e9 la cuisine fran\u00e7aise, en lui donnant un rayonnement international. Il rationalisa les t\u00e2ches en cuisine et travailla en permanence pour y am\u00e9liorer les conditions de travail.<\/p>\n\n\n\n<p>Au del\u00e0 de cette image du \u00abroi des cuisiniers, cuisinier des rois\u00bb Auguste Escoffier \u00e9tait un humaniste et un pr\u00e9curseur, ainsi qu\u2019en attestent ses nombreuses initiatives dans les domaines de la\u00a0transmission et de l\u2019apprentissage, de la mutuelle et de la pr\u00e9voyance, de la lutte contre le paup\u00e9risme.<\/p>\n\n\n\n<p>Facette moins connue du grand public, son altruisme va pourtant\u00a0guider ses actions tout au long de sa vie.<\/p>\n\n\n\n<p><strong>Documentaire \u00ab Auguste Escoffier : une vision sociale \u00bb<\/strong><\/p>\n\n\n\n<p>C\u2019est cet homme de c\u0153ur, dont la vie a travers\u00e9 deux guerres\u00a0en pleine r\u00e9volution industrielle que Fabrice Roy vous invite \u00e0\u00a0d\u00e9couvrir dans le documentaire-conf\u00e9rence<br>\u00abAuguste Escoffier: une vision sociale\u00bb.<\/p>\n\n\n\n<p>Ce documentaire in\u00e9dit a \u00e9t\u00e9 sp\u00e9cialement con\u00e7u pour cette exposition par Fabrice Roy et sera diffus\u00e9 jusqu\u2019au 31 octobre 2022 au Mus\u00e9e.<\/p>\n\n\n\n<p>Dans le cadre des F\u00eates Gourmandes Escoffier, une projection\u00a0suivie d\u2019une conf\u00e9rence aura lieu le 12 septembre 2021 \u00e0 15h au\u00a0P\u00f4le Culturel Auguste Escoffier de Villeneuve-Loubet.<\/p>\n\n\n\n<hr class=\"wp-block-separator has-alpha-channel-opacity\"\/>\n\n\n\n<p><strong>Mus\u00e9e Escoffier de l\u2019Art Culinaire<\/strong><\/p>\n\n\n\n<p>3, rue Auguste Escoffier, 06270 Villeneuve-Loubet 04.93.20.80.51 <br><a rel=\"noreferrer noopener\" href=\"http:\/\/www.musee-escoffier.com\" target=\"_blank\">www.musee-escoffier.com<\/a><\/p>\n\n\n\n<hr class=\"wp-block-separator has-alpha-channel-opacity\"\/>\n\n\n\n<div class=\"wp-block-file\"><a id=\"wp-block-file--media-d647b530-8602-43e7-920e-3f85b8a4a77a\" href=\"https:\/\/chsspaca.fr\/wp-content\/uploads\/Escoffier-CP-Expo-Humaniste.pdf\">T\u00e9l\u00e9charger le communiqu\u00e9 de presse<\/a><a href=\"https:\/\/chsspaca.fr\/wp-content\/uploads\/Escoffier-CP-Expo-Humaniste.pdf\" class=\"wp-block-file__button\" download aria-describedby=\"wp-block-file--media-d647b530-8602-43e7-920e-3f85b8a4a77a\">T\u00e9l\u00e9charger<\/a><\/div>\n","protected":false},"excerpt":{"rendered":"<p>Nouvelle exposition temporaire du Mus\u00e9e Escoffier de l\u2019Art Culinaire\u00a0\u00abAuguste Escoffier, un humaniste\u00bbdu 11 sept. 2021 au 31 oct. 2022 Organis\u00e9 dans le cadre du 175\u00e8me anniversaire de la naissance d\u2019Auguste Escoffier (qui aura lieu\u00a0le 28 octobre 2021), le Mus\u00e9e a d\u00e9cid\u00e9 de consacrer sa nouvelle exposition temporaire \u00e0 l\u2019engagement social et humaniste du Chef Auguste &hellip; <\/p>\n<p class=\"link-more\"><a href=\"https:\/\/chsspaca.fr\/index.php\/2022\/08\/30\/auguste-escoffier-un-humaniste\/\" class=\"more-link\">Continuer la lecture<span class=\"screen-reader-text\"> de &laquo;&nbsp;Auguste Escoffier, un humaniste&nbsp;&raquo;<\/span><\/a><\/p>\n","protected":false},"author":2,"featured_media":2948,"comment_status":"open","ping_status":"open","sticky":false,"template":"","format":"standard","meta":{"_jetpack_memberships_contains_paid_content":false,"footnotes":""},"categories":[1,4],"tags":[],"class_list":["post-2944","post","type-post","status-publish","format-standard","has-post-thumbnail","hentry","category-uncategorized","category-public"],"jetpack_featured_media_url":"https:\/\/i0.wp.com\/chsspaca.fr\/wp-content\/uploads\/Escoffier-Affiche-Expo.jpg?fit=700%2C990&ssl=1","jetpack_sharing_enabled":true,"jetpack_likes_enabled":true,"_links":{"self":[{"href":"https:\/\/chsspaca.fr\/index.php\/wp-json\/wp\/v2\/posts\/2944","targetHints":{"allow":["GET"]}}],"collection":[{"href":"https:\/\/chsspaca.fr\/index.php\/wp-json\/wp\/v2\/posts"}],"about":[{"href":"https:\/\/chsspaca.fr\/index.php\/wp-json\/wp\/v2\/types\/post"}],"author":[{"embeddable":true,"href":"https:\/\/chsspaca.fr\/index.php\/wp-json\/wp\/v2\/users\/2"}],"replies":[{"embeddable":true,"href":"https:\/\/chsspaca.fr\/index.php\/wp-json\/wp\/v2\/comments?post=2944"}],"version-history":[{"count":0,"href":"https:\/\/chsspaca.fr\/index.php\/wp-json\/wp\/v2\/posts\/2944\/revisions"}],"wp:featuredmedia":[{"embeddable":true,"href":"https:\/\/chsspaca.fr\/index.php\/wp-json\/wp\/v2\/media\/2948"}],"wp:attachment":[{"href":"https:\/\/chsspaca.fr\/index.php\/wp-json\/wp\/v2\/media?parent=2944"}],"wp:term":[{"taxonomy":"category","embeddable":true,"href":"https:\/\/chsspaca.fr\/index.php\/wp-json\/wp\/v2\/categories?post=2944"},{"taxonomy":"post_tag","embeddable":true,"href":"https:\/\/chsspaca.fr\/index.php\/wp-json\/wp\/v2\/tags?post=2944"}],"curies":[{"name":"wp","href":"https:\/\/api.w.org\/{rel}","templated":true}]}}