{"id":3340,"date":"2024-10-10T10:00:00","date_gmt":"2024-10-10T08:00:00","guid":{"rendered":"https:\/\/chsspaca.fr\/?p=3340"},"modified":"2024-10-09T17:50:21","modified_gmt":"2024-10-09T15:50:21","slug":"ne-pas-oublier-les-aines-40e-anniversaire-de-la-fondation-des-petits-freres-des-pauvres-par-albert-marquiset","status":"publish","type":"post","link":"https:\/\/chsspaca.fr\/index.php\/2024\/10\/10\/ne-pas-oublier-les-aines-40e-anniversaire-de-la-fondation-des-petits-freres-des-pauvres-par-albert-marquiset\/","title":{"rendered":"Ne pas oublier les a\u00een\u00e9s: 40e\u00a0anniversaire de la fondation des Petits fr\u00e8res des Pauvres par Albert Marquiset"},"content":{"rendered":"\n<p>&nbsp;&nbsp;&nbsp;&nbsp;&nbsp;&nbsp;&nbsp;&nbsp;&nbsp;&nbsp;&nbsp;&nbsp;&nbsp;&nbsp;&nbsp;&nbsp;&nbsp;Les r\u00e9centes r\u00e9v\u00e9lations qui concernent le fondateur d\u2019une grande \u0153uvre caritative ne doivent pas occulter d\u2019autres actions fraternelles. Pendant longtemps, en Occident, les vieillards imp\u00e9cunieux \u00e9taient laiss\u00e9s \u00e0 la charge des familles<a href=\"applewebdata:\/\/4427AB8E-EC77-45F5-B15C-7B0B16B81BD6#_ftn1\"><sup>[1]<\/sup><\/a>&nbsp;ou d\u2019\u00e9tablissements \u00abquasi\u00bb carc\u00e9raux comme les hospices<a href=\"applewebdata:\/\/4427AB8E-EC77-45F5-B15C-7B0B16B81BD6#_ftn2\"><sup>[2]<\/sup><\/a>.&nbsp;A l\u2019\u00e9poque contemporaine, Les dispositifs mis en place, fond\u00e9s sur l&#8217;assistance ou l&#8217;aide sociale, ont toujours \u00e9t\u00e9 d\u00e9ficients.&nbsp;Longtemps assimil\u00e9es aux grands infirmes ou aux handicap\u00e9s, les personnes \u00e2g\u00e9es ont perdu les b\u00e9n\u00e9fices de la politique du handicap \u00e0 la fin du XX<sup>e<\/sup> si\u00e8cle.&nbsp;&nbsp;&nbsp;&nbsp;&nbsp;&nbsp;&nbsp;&nbsp;&nbsp;&nbsp;&nbsp;&nbsp;&nbsp;&nbsp;&nbsp;&nbsp;&nbsp;<\/p>\n\n\n\n<p>\u00a0\u00a0\u00a0\u00a0\u00a0\u00a0\u00a0\u00a0\u00a0\u00a0\u00a0\u00a0\u00a0\u00a0\u00a0\u00a0\u00a0Le maintien \u00e0 domicile<a href=\"applewebdata:\/\/4427AB8E-EC77-45F5-B15C-7B0B16B81BD6#_ftn3\"><sup>[3]<\/sup><\/a>\u00a0est une solution que l\u2019action priv\u00e9e \u00e9labore d\u00e8s le XIX<sup>e<\/sup>\u00a0si\u00e8cle dans des villes comme Nice ou Marseille, mais c\u2019est au XX<sup>e<\/sup>\u00a0si\u00e8cle qu\u2019un philanthrope<a href=\"applewebdata:\/\/4427AB8E-EC77-45F5-B15C-7B0B16B81BD6#_ftn4\"><sup>[4]<\/sup><\/a>: Albert Marquiset fonde, au sortir de la Guerre,\u00a0\u00a0une association de solidarit\u00e9 envers les a\u00een\u00e9s \u00ab<em>\u00e0 qui l\u2019on doit des fleurs avant le pain<\/em>\u00bb: Les Petits fr\u00e8res des pauvres.<\/p>\n\n\n\n<p>\u00a0\u00a0\u00a0\u00a0\u00a0\u00a0\u00a0\u00a0\u00a0\u00a0\u00a0\u00a0\u00a0\u00a0\u00a0\u00a0\u00a0Le comte Armand Marquiset, n\u00e9 le 29 septembre 1900 \u00e0 Gagny, appartient \u00e0 un milieu d\u2019origine aristocratique. Il fr\u00e9quente les meilleurs \u00e9tablissements scolaires puis, \u00e0 19 ans, choisit d&#8217;\u00e9tudier la musique pour devenir compositeur. En 1930, il d\u00e9couvre dans les rues de Paris ce qu&#8217; est la pauvret\u00e9 et la d\u00e9tresse des autres dont de\u00a0\u00a0\u00abnombreux vieillards oblig\u00e9s de mendier ou faire les poubelles ou d\u2019attendre les fins de march\u00e9s pour subvenir\u00bb. Dans le m\u00eame temps, il accomplit un parcours spirituel personnel qui l&#8217;am\u00e8ne \u00e0 s&#8217;interroger sur le sens de sa vie. Il interrompt ses activit\u00e9s musicales et d\u00e9cide de se consacrer aux pauvres. Il \u00e9crit qu&#8217;en juillet 1939, \u00e0 Notre-Dame de Paris, \u00ab\u2026\u00a0<em>il eut l&#8217;impression que les petits fr\u00e8res fondirent litt\u00e9ralement sur lui et qu&#8217;ils entr\u00e8rent en lui comme un ouragan<\/em>.\u00bb La guerre \u00e9clate et son projet est retard\u00e9. Le 19 avril 1946, il d\u00e9clare \u00e0 la pr\u00e9fecture de police de Paris l&#8217;association Les petits fr\u00e8res des pauvres. \u00ab\u2019association a pour objectif d\u2019accompagner les personnes souffrant de pauvret\u00e9, de solitude ou de maladie, en particulier les plus de 50 ans\u00bb\u00a0<\/p>\n\n\n\n<p>&nbsp;&nbsp;&nbsp;&nbsp;&nbsp;&nbsp;&nbsp;&nbsp;&nbsp;&nbsp;&nbsp;&nbsp;&nbsp;&nbsp;&nbsp;&nbsp;&nbsp;Devenus progressivement un mouvement plus la\u00efcis\u00e9, Les Petits fr\u00e8res des pauvres accompagnent des personnes souffrant d&#8217;isolement, de pauvret\u00e9 mat\u00e9rielle, de pr\u00e9carit\u00e9s multiples. Elle est implant\u00e9e dans toute la France et dans le monde (Allemagne, Canada, Espagne, \u00c9tats-Unis, Irlande, Mexique, Pologne et Suisse).&nbsp;La Fondation des petits fr\u00e8res des Pauvres a \u00e9t\u00e9 cr\u00e9\u00e9e et reconnue d&#8217;utilit\u00e9 publique en 1977. En 1979 est fond\u00e9e une F\u00e9d\u00e9ration internationale des Petits fr\u00e8res des pauvres.&nbsp;<\/p>\n\n\n\n<figure class=\"wp-block-image size-large is-style-rounded\"><img data-recalc-dims=\"1\" loading=\"lazy\" decoding=\"async\" width=\"525\" height=\"521\" src=\"https:\/\/i0.wp.com\/chsspaca.fr\/wp-content\/uploads\/202410-Petits-freres-des-pauvres.jpeg?resize=525%2C521&#038;ssl=1\" alt=\"\" class=\"wp-image-3344\" srcset=\"https:\/\/i0.wp.com\/chsspaca.fr\/wp-content\/uploads\/202410-Petits-freres-des-pauvres.jpeg?resize=1024%2C1017&amp;ssl=1 1024w, https:\/\/i0.wp.com\/chsspaca.fr\/wp-content\/uploads\/202410-Petits-freres-des-pauvres.jpeg?resize=150%2C150&amp;ssl=1 150w, https:\/\/i0.wp.com\/chsspaca.fr\/wp-content\/uploads\/202410-Petits-freres-des-pauvres.jpeg?resize=300%2C298&amp;ssl=1 300w, https:\/\/i0.wp.com\/chsspaca.fr\/wp-content\/uploads\/202410-Petits-freres-des-pauvres.jpeg?resize=768%2C762&amp;ssl=1 768w, https:\/\/i0.wp.com\/chsspaca.fr\/wp-content\/uploads\/202410-Petits-freres-des-pauvres.jpeg?resize=100%2C100&amp;ssl=1 100w, https:\/\/i0.wp.com\/chsspaca.fr\/wp-content\/uploads\/202410-Petits-freres-des-pauvres.jpeg?w=1251&amp;ssl=1 1251w\" sizes=\"auto, (max-width: 767px) 89vw, (max-width: 1000px) 54vw, (max-width: 1071px) 543px, 580px\" \/><figcaption class=\"wp-element-caption\">M\u00e9daille comm\u00e9morative de Raymond Corbin (1907-2002), pour le 40e anniversaire de la fondation des Petits fr\u00e8res des Pauvres par Albert Marquiset (1900-1981),  bronze, 1986, collection priv\u00e9e<\/figcaption><\/figure>\n\n\n\n<p>&nbsp;&nbsp;&nbsp;&nbsp;&nbsp;&nbsp;&nbsp;&nbsp;&nbsp;&nbsp;&nbsp;&nbsp;&nbsp;&nbsp;&nbsp;&nbsp;&nbsp;En 1986, une m\u00e9daille repr\u00e9sentant \u00e0 l\u2019avers le fondateur et le revers symbolisant l\u2019aide interg\u00e9n\u00e9rationnelle (une jeune fille et un couple de personnes \u00e2g\u00e9es) des Petits fr\u00e8res des pauvres est grav\u00e9e . Elle fut offerte \u00e0 une bienfaitrice de Villefranche-sur-Mer qui nous fut ch\u00e8re.<\/p>\n\n\n\n<p><\/p>\n\n\n\n<p><strong>Olivier Vernier<\/strong><\/p>\n\n\n\n<hr class=\"wp-block-separator has-alpha-channel-opacity\"\/>\n\n\n\n<p><a href=\"applewebdata:\/\/4427AB8E-EC77-45F5-B15C-7B0B16B81BD6#_ftnref1\"><sup>[1]<\/sup><\/a>&nbsp;Georges Minois,&nbsp;<em>Histoire de la vieillesse en Occident. T.1 De L\u2019Antiquit\u00e9 \u00e0 la Renaissance<\/em>, Paris, Fayard, 1987, 442 p.<\/p>\n\n\n\n<p><a href=\"applewebdata:\/\/4427AB8E-EC77-45F5-B15C-7B0B16B81BD6#_ftnref2\"><sup>[2]<\/sup><\/a>&nbsp;Christophe Capuano,&nbsp;<em>Que faire de nos vieux&nbsp;: une histoire de la protection sociale de 1880 \u00e0 nos jours<\/em>, Paris, Sciences po, les presses, 2018, 345 p.<\/p>\n\n\n\n<p><a href=\"applewebdata:\/\/4427AB8E-EC77-45F5-B15C-7B0B16B81BD6#_ftnref3\"><sup>[3]<\/sup><\/a>&nbsp;Christophe Capuano,&nbsp;<em>Le maintien \u00e0 domicile&nbsp;: une histoire transversale, France, XIXe-XXIe si\u00e8cle<\/em>, Paris, Rue d\u2019Ulm, 2021, 1112 p.<\/p>\n\n\n\n<p><a href=\"applewebdata:\/\/4427AB8E-EC77-45F5-B15C-7B0B16B81BD6#_ftnref4\"><sup>[4]<\/sup><\/a>&nbsp;Armand Marquiset,&nbsp;<em>Armand Marquiset, 1900-1981<\/em>, Paris, Fr\u00e8res du ciel et de la terre, 1981, 107 p.&nbsp;; Michel Christolhomme,&nbsp;<em>La soif de servir&nbsp;: Armand Marquiset, 1900-1981<\/em>, Paris, Fayard, 1998, 266 p.<\/p>\n","protected":false},"excerpt":{"rendered":"<p>&nbsp;&nbsp;&nbsp;&nbsp;&nbsp;&nbsp;&nbsp;&nbsp;&nbsp;&nbsp;&nbsp;&nbsp;&nbsp;&nbsp;&nbsp;&nbsp;&nbsp;Les r\u00e9centes r\u00e9v\u00e9lations qui concernent le fondateur d\u2019une grande \u0153uvre caritative ne doivent pas occulter d\u2019autres actions fraternelles. Pendant longtemps, en Occident, les vieillards imp\u00e9cunieux \u00e9taient laiss\u00e9s \u00e0 la charge des familles[1]&nbsp;ou d\u2019\u00e9tablissements \u00abquasi\u00bb carc\u00e9raux comme les hospices[2].&nbsp;A l\u2019\u00e9poque contemporaine, Les dispositifs mis en place, fond\u00e9s sur l&#8217;assistance ou l&#8217;aide sociale, ont toujours \u00e9t\u00e9 d\u00e9ficients.&nbsp;Longtemps &hellip; <\/p>\n<p class=\"link-more\"><a href=\"https:\/\/chsspaca.fr\/index.php\/2024\/10\/10\/ne-pas-oublier-les-aines-40e-anniversaire-de-la-fondation-des-petits-freres-des-pauvres-par-albert-marquiset\/\" class=\"more-link\">Continuer la lecture<span class=\"screen-reader-text\"> de &laquo;&nbsp;Ne pas oublier les a\u00een\u00e9s: 40e\u00a0anniversaire de la fondation des Petits fr\u00e8res des Pauvres par Albert Marquiset&nbsp;&raquo;<\/span><\/a><\/p>\n","protected":false},"author":3,"featured_media":3344,"comment_status":"open","ping_status":"open","sticky":false,"template":"","format":"standard","meta":{"_jetpack_memberships_contains_paid_content":false,"footnotes":""},"categories":[2,4],"tags":[],"class_list":["post-3340","post","type-post","status-publish","format-standard","has-post-thumbnail","hentry","category-histoire","category-public"],"jetpack_featured_media_url":"https:\/\/i0.wp.com\/chsspaca.fr\/wp-content\/uploads\/202410-Petits-freres-des-pauvres.jpeg?fit=1251%2C1242&ssl=1","jetpack_sharing_enabled":true,"jetpack_likes_enabled":true,"_links":{"self":[{"href":"https:\/\/chsspaca.fr\/index.php\/wp-json\/wp\/v2\/posts\/3340","targetHints":{"allow":["GET"]}}],"collection":[{"href":"https:\/\/chsspaca.fr\/index.php\/wp-json\/wp\/v2\/posts"}],"about":[{"href":"https:\/\/chsspaca.fr\/index.php\/wp-json\/wp\/v2\/types\/post"}],"author":[{"embeddable":true,"href":"https:\/\/chsspaca.fr\/index.php\/wp-json\/wp\/v2\/users\/3"}],"replies":[{"embeddable":true,"href":"https:\/\/chsspaca.fr\/index.php\/wp-json\/wp\/v2\/comments?post=3340"}],"version-history":[{"count":0,"href":"https:\/\/chsspaca.fr\/index.php\/wp-json\/wp\/v2\/posts\/3340\/revisions"}],"wp:featuredmedia":[{"embeddable":true,"href":"https:\/\/chsspaca.fr\/index.php\/wp-json\/wp\/v2\/media\/3344"}],"wp:attachment":[{"href":"https:\/\/chsspaca.fr\/index.php\/wp-json\/wp\/v2\/media?parent=3340"}],"wp:term":[{"taxonomy":"category","embeddable":true,"href":"https:\/\/chsspaca.fr\/index.php\/wp-json\/wp\/v2\/categories?post=3340"},{"taxonomy":"post_tag","embeddable":true,"href":"https:\/\/chsspaca.fr\/index.php\/wp-json\/wp\/v2\/tags?post=3340"}],"curies":[{"name":"wp","href":"https:\/\/api.w.org\/{rel}","templated":true}]}}