{"id":3534,"date":"2025-10-10T10:35:00","date_gmt":"2025-10-10T08:35:00","guid":{"rendered":"https:\/\/chsspaca.fr\/?p=3534"},"modified":"2025-07-10T17:36:22","modified_gmt":"2025-07-10T15:36:22","slug":"une-consequence-en-droit-social-de-linstallation-des-rapatries-dafrique-du-nord-carte-temporaire-de-securite-sociale","status":"publish","type":"post","link":"https:\/\/chsspaca.fr\/index.php\/2025\/10\/10\/une-consequence-en-droit-social-de-linstallation-des-rapatries-dafrique-du-nord-carte-temporaire-de-securite-sociale\/","title":{"rendered":"Une cons\u00e9quence en droit social de l\u2019installation des rapatri\u00e9s d\u2019Afrique du Nord: carte temporaire de S\u00e9curit\u00e9 sociale"},"content":{"rendered":"\n<p>Aux termes de la loi du 26 d\u00e9cembre 1961 relative \u00e0 l\u2019accueil et \u00e0 la r\u00e9installation des Fran\u00e7ais d\u2019outre-mer, les rapatri\u00e9s<a href=\"applewebdata:\/\/470E23FA-6CC3-4E8F-BAC4-8ABB234620E0#_ftn1\"><sup>[1]<\/sup><\/a>\u00a0sont les:<\/p>\n\n\n\n<p>\u00ab\u00a0<em>Fran\u00e7ais ayant d\u00fb quitter ou estim\u00e9 devoir quitter, par suite d\u2019\u00e9v\u00e9nements politiques, un territoire o\u00f9 ils \u00e9taient \u00e9tablis et qui \u00e9tait ant\u00e9rieurement plac\u00e9 sous la souverainet\u00e9, le protectorat ou la tutelle de la France.\u00a0<\/em><\/p>\n\n\n\n<p><em>Trois conditions sont fix\u00e9es pour avoir la qualit\u00e9 de rapatri\u00e9\u00a0:<\/em><\/p>\n\n\n\n<p><em>avoir \u00e9t\u00e9 install\u00e9 dans un territoire ayant acc\u00e9d\u00e9 \u00e0 l\u2019ind\u00e9pendance;<\/em><br><em>avoir eu la nationalit\u00e9 fran\u00e7aise au moment de l\u2019ind\u00e9pendance de ce territoire\u00a0<\/em><br><em>avoir quitt\u00e9 ce territoire par suite d\u2019\u00e9v\u00e9nements politiques directement li\u00e9s \u00e0 l\u2019ind\u00e9pendance.\u00a0\u00bb\u00a0<\/em><\/p>\n\n\n\n<p>Pour les d\u00e9partements d\u2019Alg\u00e9rie, environ 800\u00a0000\u00a0pieds-noirs \u2013dont certains qui avaient \u00e9migr\u00e9 notamment d\u2019Italie pour des raisons \u00e9conomiques &#8211; quittent l&#8217;Alg\u00e9rie &#8211; dans les conditions dramatiques que l\u2019on sait- dont 512\u00a0000 entre les mois de mai et d&#8217;ao\u00fbt 1962.<\/p>\n\n\n\n<p>Pour leur permettre \u00e0 ces populations \u00e0 la destin\u00e9e souvent pr\u00e9caire, de continuer \u00e0 b\u00e9n\u00e9ficier d\u2019une couverture sociale<a href=\"applewebdata:\/\/470E23FA-6CC3-4E8F-BAC4-8ABB234620E0#_ftn2\"><sup>[2]<\/sup><\/a>, le Secr\u00e9tariat d\u2019Etat aux Rapatri\u00e9s et le Minist\u00e8re du Travail leur d\u00e9livrent via les pr\u00e9fectures une carte temporaire de S\u00e9curit\u00e9 sociale pour permettre les remboursements des frais m\u00e9dicaux et pharmaceutiques.<\/p>\n\n\n\n<p>La carte n\u2019est valable qu\u2019une ann\u00e9e \u2013 le temps de reconstituer les dossiers-, une carte d\u00e9finitive est \u00e9tablie par la suite par l\u2019organisme de S\u00e9curit\u00e9 sociale dont rel\u00e8ve le rapatri\u00e9 \u00ab<em>du chef de son activit\u00e9<\/em>\u00bb.<\/p>\n\n\n\n<p>Cette rapatri\u00e9e originaire d\u2019une \u00eele napolitaine, s\u2019installera d\u2019abord en Auvergne, puis rejoindra le Midi par la suite.<\/p>\n\n\n\n<p><strong>Olivier VERNIER<\/strong><\/p>\n\n\n\n<figure class=\"wp-block-gallery has-nested-images columns-default is-cropped wp-block-gallery-1 is-layout-flex wp-block-gallery-is-layout-flex\">\n<figure class=\"wp-block-image size-large\"><img data-recalc-dims=\"1\" loading=\"lazy\" decoding=\"async\" width=\"332\" height=\"249\" data-id=\"3533\" src=\"https:\/\/i0.wp.com\/chsspaca.fr\/wp-content\/uploads\/202510-Carte-temporaire-de-Securite-sociale-2.png?resize=332%2C249&#038;ssl=1\" alt=\"\" class=\"wp-image-3533\" srcset=\"https:\/\/i0.wp.com\/chsspaca.fr\/wp-content\/uploads\/202510-Carte-temporaire-de-Securite-sociale-2.png?w=332&amp;ssl=1 332w, https:\/\/i0.wp.com\/chsspaca.fr\/wp-content\/uploads\/202510-Carte-temporaire-de-Securite-sociale-2.png?resize=300%2C225&amp;ssl=1 300w\" sizes=\"auto, (max-width: 332px) 100vw, 332px\" \/><\/figure>\n\n\n\n<figure class=\"wp-block-image size-large\"><img data-recalc-dims=\"1\" loading=\"lazy\" decoding=\"async\" width=\"339\" height=\"252\" data-id=\"3532\" src=\"https:\/\/i0.wp.com\/chsspaca.fr\/wp-content\/uploads\/202510-Carte-temporaire-de-Securite-sociale-1.png?resize=339%2C252&#038;ssl=1\" alt=\"\" class=\"wp-image-3532\" srcset=\"https:\/\/i0.wp.com\/chsspaca.fr\/wp-content\/uploads\/202510-Carte-temporaire-de-Securite-sociale-1.png?w=339&amp;ssl=1 339w, https:\/\/i0.wp.com\/chsspaca.fr\/wp-content\/uploads\/202510-Carte-temporaire-de-Securite-sociale-1.png?resize=300%2C223&amp;ssl=1 300w\" sizes=\"auto, (max-width: 339px) 100vw, 339px\" \/><\/figure>\n<figcaption class=\"blocks-gallery-caption wp-element-caption\">Carte temporaire de S\u00e9curit\u00e9 sociale (1962), collection priv\u00e9e<\/figcaption><\/figure>\n\n\n\n<hr class=\"wp-block-separator has-alpha-channel-opacity\"\/>\n\n\n\n<p><a href=\"applewebdata:\/\/470E23FA-6CC3-4E8F-BAC4-8ABB234620E0#_ftnref1\"><sup>[1]<\/sup><\/a>\u00a0Sur la question:\u00a0Abderahmen Moumen,\u00a0<em>Entre histoire et m\u00e9moire. Les rapatri\u00e9s d\u2019Alg\u00e9rie; Dictionnaire bibliographique<\/em>, Nice, Jacques Gandini, 2003, 129 p.<\/p>\n\n\n\n<p><a href=\"applewebdata:\/\/470E23FA-6CC3-4E8F-BAC4-8ABB234620E0#_ftnref2\"><sup>[2]<\/sup><\/a>&nbsp;Gilbert Mussini,&nbsp;<em>La S\u00e9curit\u00e9 sociale en Alg\u00e9rie<\/em>, Alger, Ferraris, 1950, 211 p.<\/p>\n","protected":false},"excerpt":{"rendered":"<p>Aux termes de la loi du 26 d\u00e9cembre 1961 relative \u00e0 l\u2019accueil et \u00e0 la r\u00e9installation des Fran\u00e7ais d\u2019outre-mer, les rapatri\u00e9s[1]\u00a0sont les: \u00ab\u00a0Fran\u00e7ais ayant d\u00fb quitter ou estim\u00e9 devoir quitter, par suite d\u2019\u00e9v\u00e9nements politiques, un territoire o\u00f9 ils \u00e9taient \u00e9tablis et qui \u00e9tait ant\u00e9rieurement plac\u00e9 sous la souverainet\u00e9, le protectorat ou la tutelle de la &hellip; <\/p>\n<p class=\"link-more\"><a href=\"https:\/\/chsspaca.fr\/index.php\/2025\/10\/10\/une-consequence-en-droit-social-de-linstallation-des-rapatries-dafrique-du-nord-carte-temporaire-de-securite-sociale\/\" class=\"more-link\">Continuer la lecture<span class=\"screen-reader-text\"> de &laquo;&nbsp;Une cons\u00e9quence en droit social de l\u2019installation des rapatri\u00e9s d\u2019Afrique du Nord: carte temporaire de S\u00e9curit\u00e9 sociale&nbsp;&raquo;<\/span><\/a><\/p>\n","protected":false},"author":3,"featured_media":3533,"comment_status":"open","ping_status":"open","sticky":false,"template":"","format":"standard","meta":{"_jetpack_memberships_contains_paid_content":false,"footnotes":""},"categories":[2,4],"tags":[],"class_list":["post-3534","post","type-post","status-publish","format-standard","has-post-thumbnail","hentry","category-histoire","category-public"],"jetpack_featured_media_url":"https:\/\/i0.wp.com\/chsspaca.fr\/wp-content\/uploads\/202510-Carte-temporaire-de-Securite-sociale-2.png?fit=332%2C249&ssl=1","jetpack_sharing_enabled":true,"jetpack_likes_enabled":true,"_links":{"self":[{"href":"https:\/\/chsspaca.fr\/index.php\/wp-json\/wp\/v2\/posts\/3534","targetHints":{"allow":["GET"]}}],"collection":[{"href":"https:\/\/chsspaca.fr\/index.php\/wp-json\/wp\/v2\/posts"}],"about":[{"href":"https:\/\/chsspaca.fr\/index.php\/wp-json\/wp\/v2\/types\/post"}],"author":[{"embeddable":true,"href":"https:\/\/chsspaca.fr\/index.php\/wp-json\/wp\/v2\/users\/3"}],"replies":[{"embeddable":true,"href":"https:\/\/chsspaca.fr\/index.php\/wp-json\/wp\/v2\/comments?post=3534"}],"version-history":[{"count":2,"href":"https:\/\/chsspaca.fr\/index.php\/wp-json\/wp\/v2\/posts\/3534\/revisions"}],"predecessor-version":[{"id":3537,"href":"https:\/\/chsspaca.fr\/index.php\/wp-json\/wp\/v2\/posts\/3534\/revisions\/3537"}],"wp:featuredmedia":[{"embeddable":true,"href":"https:\/\/chsspaca.fr\/index.php\/wp-json\/wp\/v2\/media\/3533"}],"wp:attachment":[{"href":"https:\/\/chsspaca.fr\/index.php\/wp-json\/wp\/v2\/media?parent=3534"}],"wp:term":[{"taxonomy":"category","embeddable":true,"href":"https:\/\/chsspaca.fr\/index.php\/wp-json\/wp\/v2\/categories?post=3534"},{"taxonomy":"post_tag","embeddable":true,"href":"https:\/\/chsspaca.fr\/index.php\/wp-json\/wp\/v2\/tags?post=3534"}],"curies":[{"name":"wp","href":"https:\/\/api.w.org\/{rel}","templated":true}]}}