{"id":3690,"date":"2026-04-28T16:20:35","date_gmt":"2026-04-28T14:20:35","guid":{"rendered":"https:\/\/chsspaca.fr\/?p=3690"},"modified":"2026-04-28T17:38:21","modified_gmt":"2026-04-28T15:38:21","slug":"conference-le-role-de-la-societe-civile-et-des-autorites-militaires-dans-les-crises-sanitaires-internationales","status":"publish","type":"post","link":"https:\/\/chsspaca.fr\/index.php\/2026\/04\/28\/conference-le-role-de-la-societe-civile-et-des-autorites-militaires-dans-les-crises-sanitaires-internationales\/","title":{"rendered":"Conf\u00e9rence \u00abLe r\u00f4le de la soci\u00e9t\u00e9 civile et des autorit\u00e9s militaires dans les crises sanitaires internationales\u00bb"},"content":{"rendered":"\n<p>Madame Roselyne BACHELOT-NARQUIN<\/p>\n\n\n\n<p>Ancienne ministre, Pr\u00e9sidente du Comit\u00e9 d\u2019histoire des administrations charg\u00e9es de la Sant\u00e9 (CHAS)<\/p>\n\n\n\n<p>a le plaisir de vous convier \u00e0 la troisi\u00e8me et derni\u00e8re conf\u00e9rence du cycle La place de la France dans la sant\u00e9 mondiale: histoire, acteurs, enjeux :<\/p>\n\n\n\n<p class=\"has-text-align-center\"><strong>\u00ab Le r\u00f4le de la soci\u00e9t\u00e9 civile et des autorit\u00e9s militaires<\/strong><br><strong>dans les crises sanitaires internationales \u00bb<\/strong><\/p>\n\n\n\n<p>Cette conf\u00e9rence-d\u00e9bat s&#8217;ouvrira par une communication d&#8217;Auriane Guilbaud, ma\u00eetresse de conf\u00e9rences en science politique \u00e0 l\u2019Universit\u00e9 Paris 8 (Institut d\u2019\u00e9tudes europ\u00e9ennes) qui portera un regard socio-historique sur l&#8217;\u00e9mergence et la structuration de l&#8217;articulation entre m\u00e9decine militaire et action humanitaire civile dans la sant\u00e9 mondiale.<\/p>\n\n\n\n<p>Elle sera suivie d\u2019interventions de repr\u00e9sentants des ONG (MSF), du service de sant\u00e9 des arm\u00e9es et des organisations internationales (OMS).<\/p>\n\n\n\n<p>Jeudi 4 juin 2026<br>De 18h \u00e0 20h (accueil \u00e0 partir de 17h45)<\/p>\n\n\n\n<p>Au Val-de-Gr\u00e2ce<br>1 place Alphonse Laveran, Paris 5e<\/p>\n\n\n\n<p><strong>Entr\u00e9e gratuite sur inscription <a href=\"https:\/\/forms.office.com\/pages\/responsepage.aspx?id=klJeAyVaCUW7CKVV99Mai2auK4Hp4v9HrPTEtpW6TVNUMzdMUk1DN0I5OFNQVEFGMFVZVUVXSlFXTy4u&amp;route=shorturl\" target=\"_blank\" rel=\"noreferrer noopener\">en cliquant ici<\/a><\/strong><\/p>\n\n\n\n<div data-wp-interactive=\"core\/file\" class=\"wp-block-file\"><object data-wp-bind--hidden=\"!state.hasPdfPreview\" hidden class=\"wp-block-file__embed\" data=\"https:\/\/chsspaca.fr\/wp-content\/uploads\/202604-Presentation_3eConferenceCHAS_SanteMondiale.pdf\" type=\"application\/pdf\" style=\"width:100%;height:600px\" aria-label=\"Contenu embarqu\u00e9 202604 Pr\u00e9sentation_3eConf\u00e9renceCHAS_Sant\u00e9Mondiale.\"><\/object><a id=\"wp-block-file--media-5df6d863-855b-4fa6-8532-1894fce298f0\" href=\"https:\/\/chsspaca.fr\/wp-content\/uploads\/202604-Presentation_3eConferenceCHAS_SanteMondiale.pdf\">202604 Pr\u00e9sentation_3eConf\u00e9renceCHAS_Sant\u00e9Mondiale<\/a><a href=\"https:\/\/chsspaca.fr\/wp-content\/uploads\/202604-Presentation_3eConferenceCHAS_SanteMondiale.pdf\" class=\"wp-block-file__button wp-element-button\" download aria-describedby=\"wp-block-file--media-5df6d863-855b-4fa6-8532-1894fce298f0\">T\u00e9l\u00e9charger<\/a><\/div>\n","protected":false},"excerpt":{"rendered":"<p>Madame Roselyne BACHELOT-NARQUIN Ancienne ministre, Pr\u00e9sidente du Comit\u00e9 d\u2019histoire des administrations charg\u00e9es de la Sant\u00e9 (CHAS) a le plaisir de vous convier \u00e0 la troisi\u00e8me et derni\u00e8re conf\u00e9rence du cycle La place de la France dans la sant\u00e9 mondiale: histoire, acteurs, enjeux : \u00ab Le r\u00f4le de la soci\u00e9t\u00e9 civile et des autorit\u00e9s militairesdans les &hellip; <\/p>\n<p class=\"link-more\"><a href=\"https:\/\/chsspaca.fr\/index.php\/2026\/04\/28\/conference-le-role-de-la-societe-civile-et-des-autorites-militaires-dans-les-crises-sanitaires-internationales\/\" class=\"more-link\">Continuer la lecture<span class=\"screen-reader-text\"> de &laquo;&nbsp;Conf\u00e9rence \u00abLe r\u00f4le de la soci\u00e9t\u00e9 civile et des autorit\u00e9s militaires dans les crises sanitaires internationales\u00bb&nbsp;&raquo;<\/span><\/a><\/p>\n","protected":false},"author":2,"featured_media":3697,"comment_status":"open","ping_status":"open","sticky":false,"template":"","format":"standard","meta":{"_jetpack_memberships_contains_paid_content":false,"footnotes":""},"categories":[1,4],"tags":[],"class_list":["post-3690","post","type-post","status-publish","format-standard","has-post-thumbnail","hentry","category-uncategorized","category-public"],"jetpack_featured_media_url":"https:\/\/i0.wp.com\/chsspaca.fr\/wp-content\/uploads\/pexels-photo-7648028.jpeg?fit=1880%2C1253&ssl=1","jetpack_sharing_enabled":true,"jetpack_likes_enabled":true,"_links":{"self":[{"href":"https:\/\/chsspaca.fr\/index.php\/wp-json\/wp\/v2\/posts\/3690","targetHints":{"allow":["GET"]}}],"collection":[{"href":"https:\/\/chsspaca.fr\/index.php\/wp-json\/wp\/v2\/posts"}],"about":[{"href":"https:\/\/chsspaca.fr\/index.php\/wp-json\/wp\/v2\/types\/post"}],"author":[{"embeddable":true,"href":"https:\/\/chsspaca.fr\/index.php\/wp-json\/wp\/v2\/users\/2"}],"replies":[{"embeddable":true,"href":"https:\/\/chsspaca.fr\/index.php\/wp-json\/wp\/v2\/comments?post=3690"}],"version-history":[{"count":2,"href":"https:\/\/chsspaca.fr\/index.php\/wp-json\/wp\/v2\/posts\/3690\/revisions"}],"predecessor-version":[{"id":3693,"href":"https:\/\/chsspaca.fr\/index.php\/wp-json\/wp\/v2\/posts\/3690\/revisions\/3693"}],"wp:featuredmedia":[{"embeddable":true,"href":"https:\/\/chsspaca.fr\/index.php\/wp-json\/wp\/v2\/media\/3697"}],"wp:attachment":[{"href":"https:\/\/chsspaca.fr\/index.php\/wp-json\/wp\/v2\/media?parent=3690"}],"wp:term":[{"taxonomy":"category","embeddable":true,"href":"https:\/\/chsspaca.fr\/index.php\/wp-json\/wp\/v2\/categories?post=3690"},{"taxonomy":"post_tag","embeddable":true,"href":"https:\/\/chsspaca.fr\/index.php\/wp-json\/wp\/v2\/tags?post=3690"}],"curies":[{"name":"wp","href":"https:\/\/api.w.org\/{rel}","templated":true}]}}